{"id":124,"count":11,"description":"<h2><span data-sheets-root=\"1\">Vestidos midi mujer<\/span><\/h2>\r\n<p data-start=\"886\" data-end=\"972\">Nuestra colecci\u00f3n de vestidos midi combina lo cl\u00e1sico y lo moderno con dise\u00f1os que resaltan la feminidad de forma natural. Confeccionados en tejidos suaves y ligeros, se adaptan a cualquier ocasi\u00f3n con comodidad y movimiento. Desde estilos fluidos hasta cortes m\u00e1s estructurados, los vestidos midi de Almendro Atelier ofrecen versatilidad y estilo para el d\u00eda, la tarde o un momento especial. Descubre c\u00f3mo un midi puede convertir lo cotidiano en algo \u00fanico.<\/p>\r\n\r\n<h2 data-start=\"886\" data-end=\"972\"><span data-sheets-root=\"1\">Vestidos midi elegantes<\/span><\/h2>\r\n<p data-start=\"405\" data-end=\"658\" data-is-last-node=\"\" data-is-only-node=\"\">El vestido midi es la elecci\u00f3n ideal si buscas un equilibrio entre estilo y comodidad. Su largo favorecedor y dise\u00f1o atemporal lo convierten en una prenda clave para cualquier ocasi\u00f3n.<\/p>\r\n<p data-start=\"405\" data-end=\"658\" data-is-last-node=\"\" data-is-only-node=\"\">En <strong data-start=\"289\" data-end=\"309\" data-is-only-node=\"\">Almendro Atelier<\/strong> encontrar\u00e1s modelos con tejidos de calidad, cortes que estilizan y detalles \u00fanicos. Vers\u00e1til y f\u00e1cil de combinar, el midi se adapta tanto a eventos de d\u00eda como de noche, realzando tu figura con elegancia y naturalidad.<\/p>\r\n\r\n<h2 data-start=\"214\" data-end=\"843\">\u00bfPor qu\u00e9 elegir un vestido midi para un evento?<\/h2>\r\n<ul>\r\n \t<li data-start=\"216\" data-end=\"346\">\r\n<p data-start=\"218\" data-end=\"346\"><strong data-start=\"218\" data-end=\"242\">Equilibrio perfecto:<\/strong> combina la elegancia del vestido largo con la frescura del corto, adapt\u00e1ndose a todo tipo de eventos.<\/p>\r\n<\/li>\r\n \t<li data-start=\"347\" data-end=\"453\">\r\n<p data-start=\"349\" data-end=\"453\"><strong data-start=\"349\" data-end=\"380\">Favorece todas las figuras:<\/strong> su largo a media pierna estiliza y realza la silueta de forma natural.<\/p>\r\n<\/li>\r\n \t<li data-start=\"454\" data-end=\"569\">\r\n<p data-start=\"456\" data-end=\"569\"><strong data-start=\"456\" data-end=\"481\">Vers\u00e1til y atemporal:<\/strong> ideal tanto para celebraciones de d\u00eda como de noche, seg\u00fan los accesorios que elijas.<\/p>\r\n<\/li>\r\n \t<li data-start=\"570\" data-end=\"686\">\r\n<p data-start=\"572\" data-end=\"686\"><strong data-start=\"572\" data-end=\"604\">Comodidad sin perder estilo:<\/strong> tejidos con ca\u00edda, cortes pensados para moverse con libertad y sentirse segura.<\/p>\r\n<\/li>\r\n \t<li data-start=\"687\" data-end=\"806\">\r\n<p data-start=\"689\" data-end=\"806\"><strong data-start=\"689\" data-end=\"727\">Detalles que marcan la diferencia:<\/strong> drapeados, mangas abullonadas o cinturones que aportan car\u00e1cter sin excesos.<\/p>\r\n<\/li>\r\n \t<li data-start=\"807\" data-end=\"907\">\r\n<p data-start=\"809\" data-end=\"907\"><strong data-start=\"809\" data-end=\"830\">Dise\u00f1o artesanal:<\/strong> confeccionados en Espa\u00f1a con materiales de calidad y un acabado impecable.<\/p>\r\n<\/li>\r\n<\/ul>\r\n<h2><span data-sheets-root=\"1\">Midi vestidos invitada boda<\/span><\/h2>\r\n<article class=\"text-token-text-primary w-full focus:outline-none [--shadow-height:45px] has-data-writing-block:pointer-events-none has-data-writing-block:-mt-(--shadow-height) has-data-writing-block:pt-(--shadow-height) [&amp;:has([data-writing-block])&gt;*]:pointer-events-auto scroll-mt-[calc(var(--header-height)+min(200px,max(70px,20svh)))]\" dir=\"auto\" data-turn-id=\"request-WEB:c5149bef-6641-4210-b0ab-8b6696b1388f-61\" data-testid=\"conversation-turn-10\" data-scroll-anchor=\"true\" data-turn=\"assistant\">\r\n<div class=\"text-base my-auto mx-auto pb-10 [--thread-content-margin:--spacing(4)] thread-sm:[--thread-content-margin:--spacing(6)] thread-lg:[--thread-content-margin:--spacing(16)] px-(--thread-content-margin)\">\r\n<div class=\"[--thread-content-max-width:40rem] thread-lg:[--thread-content-max-width:48rem] mx-auto max-w-(--thread-content-max-width) flex-1 group\/turn-messages focus-visible:outline-hidden relative flex w-full min-w-0 flex-col agent-turn\">\r\n<div class=\"flex max-w-full flex-col grow\">\r\n<div class=\"min-h-8 text-message relative flex w-full flex-col items-end gap-2 text-start break-words whitespace-normal [.text-message+&amp;]:mt-1\" dir=\"auto\" data-message-author-role=\"assistant\" data-message-id=\"60d80a11-657e-4e1f-b3b5-44d200227992\" data-message-model-slug=\"gpt-5-1\">\r\n<div class=\"flex w-full flex-col gap-1 empty:hidden first:pt-[1px]\">\r\n<div class=\"markdown prose dark:prose-invert w-full break-words light markdown-new-styling\">\r\n<p data-start=\"61\" data-end=\"291\"><strong data-start=\"61\" data-end=\"168\">Los vestidos midi de invitada son perfectos para quienes buscan elegancia y comodidad en un mismo look.<\/strong> Su largo intermedio aporta sofisticaci\u00f3n sin recargar, creando una silueta favorecedora apta para bodas de d\u00eda o de tarde.<\/p>\r\n<p data-start=\"293\" data-end=\"524\">En Almendro Atelier encontrar\u00e1s dise\u00f1os cuidados, confeccionados con tejidos de calidad y detalles que realzan la figura de forma natural. Desde opciones fluidas y rom\u00e1nticas hasta estilos minimalistas, hay un midi para cada gusto.<\/p>\r\n<p data-start=\"526\" data-end=\"663\" data-is-last-node=\"\" data-is-only-node=\"\">Un vestido midi siempre es un acierto: vers\u00e1til, refinado y con ese toque atemporal que te permite brillar con sencillez y estilo propio.<\/p>\r\n\r\n<\/div>\r\n<\/div>\r\n<\/div>\r\n<\/div>\r\n<\/div>\r\n<\/div>\r\n<\/article>\r\n<h3 data-start=\"262\" data-end=\"303\">Midi: el largo que nunca pasa de moda<\/h3>\r\n<article class=\"text-token-text-primary w-full focus:outline-none [--shadow-height:45px] has-data-writing-block:pointer-events-none has-data-writing-block:-mt-(--shadow-height) has-data-writing-block:pt-(--shadow-height) [&amp;:has([data-writing-block])&gt;*]:pointer-events-auto scroll-mt-[calc(var(--header-height)+min(200px,max(70px,20svh)))]\" dir=\"auto\" data-turn-id=\"request-WEB:c5149bef-6641-4210-b0ab-8b6696b1388f-62\" data-testid=\"conversation-turn-12\" data-scroll-anchor=\"true\" data-turn=\"assistant\">\r\n<div class=\"text-base my-auto mx-auto pb-10 [--thread-content-margin:--spacing(4)] thread-sm:[--thread-content-margin:--spacing(6)] thread-lg:[--thread-content-margin:--spacing(16)] px-(--thread-content-margin)\">\r\n<div class=\"[--thread-content-max-width:40rem] thread-lg:[--thread-content-max-width:48rem] mx-auto max-w-(--thread-content-max-width) flex-1 group\/turn-messages focus-visible:outline-hidden relative flex w-full min-w-0 flex-col agent-turn\">\r\n<div class=\"flex max-w-full flex-col grow\">\r\n<div class=\"min-h-8 text-message relative flex w-full flex-col items-end gap-2 text-start break-words whitespace-normal [.text-message+&amp;]:mt-1\" dir=\"auto\" data-message-author-role=\"assistant\" data-message-id=\"b58bf2b6-7a11-4e60-84b0-9c910609d1ec\" data-message-model-slug=\"gpt-5-1\">\r\n<div class=\"flex w-full flex-col gap-1 empty:hidden first:pt-[1px]\">\r\n<div class=\"markdown prose dark:prose-invert w-full break-words light markdown-new-styling\">\r\n<p data-start=\"51\" data-end=\"390\">El vestido midi se ha vuelto esencial por su versatilidad y capacidad para adaptarse a cualquier ocasi\u00f3n. Su largo favorecedor aporta un equilibrio moderno y elegante que funciona tanto en looks informales como en propuestas m\u00e1s sofisticadas. Adem\u00e1s, combina con todo tipo de calzado, convirti\u00e9ndolo en una prenda \u00fatil durante todo el a\u00f1o.<\/p>\r\n\r\n<h3 data-start=\"392\" data-end=\"644\">\u00bfQu\u00e9 tipo de calzado combina mejor con un vestido midi?<\/h3>\r\n<ul>\r\n \t<li data-start=\"157\" data-end=\"279\">\r\n<p data-start=\"159\" data-end=\"279\"><strong data-start=\"162\" data-end=\"173\">Tacones<\/strong>: ideales para un look m\u00e1s sofisticado y para estilizar la figura, perfectos en eventos y celebraciones.<\/p>\r\n<\/li>\r\n \t<li data-start=\"280\" data-end=\"408\">\r\n<p data-start=\"282\" data-end=\"408\"><strong data-start=\"285\" data-end=\"298\">Sandalias<\/strong> (planas o de tac\u00f3n medio): aportan un estilo fresco y ligero, ideal para looks de d\u00eda y temporadas c\u00e1lidas.<\/p>\r\n<\/li>\r\n \t<li data-start=\"409\" data-end=\"547\">\r\n<p data-start=\"411\" data-end=\"547\"><strong data-start=\"414\" data-end=\"433\">Botas o botines<\/strong>: crean un conjunto moderno y actual, perfecto para oto\u00f1o e invierno, a\u00f1adiendo personalidad sin perder elegancia.<\/p>\r\n<\/li>\r\n<\/ul>\r\n<\/div>\r\n<\/div>\r\n<\/div>\r\n<\/div>\r\n<\/div>\r\n<\/div>\r\n<\/article>\r\n<h2 data-start=\"836\" data-end=\"1256\">Confecci\u00f3n artesanal en el sur de Espa\u00f1a<\/h2>\r\nNuestros vestidos midi se <strong>confeccionan de manera artesanal en el sur de Espa\u00f1a<\/strong>, siguiendo t\u00e9cnicas locales que combinan tradici\u00f3n y dise\u00f1o contempor\u00e1neo. Cada pieza nace en talleres que cuidan cada detalle \u2014desde el patr\u00f3n hasta el acabado final\u2014 para asegurar un ajuste impecable y una calidad que se siente al vestirla. Elegir nuestros midi es apostar por la <strong>producci\u00f3n responsable, la cercan\u00eda y el talento<\/strong> de manos expertas que transforman cada dise\u00f1o en una prenda \u00fanica y especial.","link":"https:\/\/almendroatelier.com\/en\/categoria-producto\/vestidos-midi\/","name":"Vestidos Midi","slug":"vestidos-midi","taxonomy":"product_cat","parent":0,"meta":[],"menu_order":0,"acf":[],"_links":{"self":[{"href":"https:\/\/almendroatelier.com\/en\/wp-json\/wp\/v2\/product_cat\/124","targetHints":{"allow":["GET"]}}],"collection":[{"href":"https:\/\/almendroatelier.com\/en\/wp-json\/wp\/v2\/product_cat"}],"about":[{"href":"https:\/\/almendroatelier.com\/en\/wp-json\/wp\/v2\/taxonomies\/product_cat"}],"wp:post_type":[{"href":"https:\/\/almendroatelier.com\/en\/wp-json\/wp\/v2\/product?product_cat=124"}],"curies":[{"name":"wp","href":"https:\/\/api.w.org\/{rel}","templated":true}]}}